{"id":312,"date":"2016-01-25T01:00:28","date_gmt":"2016-01-25T00:00:28","guid":{"rendered":"http:\/\/www.tupsicologobarcelona.com\/?p=312"},"modified":"2016-02-11T13:31:31","modified_gmt":"2016-02-11T12:31:31","slug":"quant-duren-els-tractaments","status":"publish","type":"post","link":"https:\/\/www.tupsicologobarcelona.com\/ca\/preguntes-frequents\/quant-duren-els-tractaments-312","title":{"rendered":"Quant duren els tractaments?"},"content":{"rendered":"<p>\u00c9s dif\u00edcil donar una resposta exacta. En gran mesura dep\u00e8n de tres factors: el tipus de problema, els objectius que es vulguin assolir i la implicaci\u00f3 per part de la persona per posar en pr\u00e0ctica tots els aprenentatges que faci al llarg de la ter\u00e0pia. \u00c9s una idea equivocada pensar que anar al <a href=\"http:\/\/www.tupsicologobarcelona.com\/ca\/psicologia\">psic\u00f2leg<\/a> vol dir que el professional traur\u00e0 una vareta m\u00e0gica i els nostres problemes es resoldran. La persona que acudeix a ter\u00e0pia \u00e9s activa. \u00c9s qui realitza el canvi, amb ajuda dels instruments que va adquirint al llarg de les sessions. Des de la consulta s\u2019aposta per ter\u00e0pies breus i es fuig de les que es dilaten en el temps<\/p>\n","protected":false},"excerpt":{"rendered":"<p>\u00c9s dif\u00edcil donar una resposta exacta. En gran mesura dep\u00e8n de tres factors: el tipus de problema, els objectius que es vulguin assolir i la implicaci\u00f3 per part de la persona per posar en pr\u00e0ctica tots els aprenentatges que faci al llarg de la ter\u00e0pia. \u00c9s una idea equivocada pensar que anar al psic\u00f2leg vol [&hellip;]<\/p>\n","protected":false},"author":1,"featured_media":0,"comment_status":"closed","ping_status":"closed","sticky":false,"template":"","format":"standard","meta":{"footnotes":""},"categories":[10],"tags":[],"class_list":["post-312","post","type-post","status-publish","format-standard","hentry","category-preguntes-frequents"],"_links":{"self":[{"href":"https:\/\/www.tupsicologobarcelona.com\/ca\/wp-json\/wp\/v2\/posts\/312","targetHints":{"allow":["GET"]}}],"collection":[{"href":"https:\/\/www.tupsicologobarcelona.com\/ca\/wp-json\/wp\/v2\/posts"}],"about":[{"href":"https:\/\/www.tupsicologobarcelona.com\/ca\/wp-json\/wp\/v2\/types\/post"}],"author":[{"embeddable":true,"href":"https:\/\/www.tupsicologobarcelona.com\/ca\/wp-json\/wp\/v2\/users\/1"}],"replies":[{"embeddable":true,"href":"https:\/\/www.tupsicologobarcelona.com\/ca\/wp-json\/wp\/v2\/comments?post=312"}],"version-history":[{"count":3,"href":"https:\/\/www.tupsicologobarcelona.com\/ca\/wp-json\/wp\/v2\/posts\/312\/revisions"}],"predecessor-version":[{"id":414,"href":"https:\/\/www.tupsicologobarcelona.com\/ca\/wp-json\/wp\/v2\/posts\/312\/revisions\/414"}],"wp:attachment":[{"href":"https:\/\/www.tupsicologobarcelona.com\/ca\/wp-json\/wp\/v2\/media?parent=312"}],"wp:term":[{"taxonomy":"category","embeddable":true,"href":"https:\/\/www.tupsicologobarcelona.com\/ca\/wp-json\/wp\/v2\/categories?post=312"},{"taxonomy":"post_tag","embeddable":true,"href":"https:\/\/www.tupsicologobarcelona.com\/ca\/wp-json\/wp\/v2\/tags?post=312"}],"curies":[{"name":"wp","href":"https:\/\/api.w.org\/{rel}","templated":true}]}}