{"id":361,"date":"2016-01-24T13:12:04","date_gmt":"2016-01-24T12:12:04","guid":{"rendered":"http:\/\/www.tupsicologobarcelona.com\/?p=361"},"modified":"2016-02-14T20:02:19","modified_gmt":"2016-02-14T19:02:19","slug":"fa-mal-lemdr","status":"publish","type":"post","link":"https:\/\/www.tupsicologobarcelona.com\/ca\/preguntes-frequents\/fa-mal-lemdr-361","title":{"rendered":"Fa mal l\u2019EMDR?"},"content":{"rendered":"<p>La <strong>desensibilitzaci\u00f3 i reprocessament per movimients oculars<\/strong>\u00a0(<a href=\"http:\/\/www.tupsicologobarcelona.com\/ca\/preguntes-frequents\/que-es-emdr-364\">EMDR<\/a>) no fa cap mal, en absolut. En aquesta t\u00e8cnica terap\u00e8utica no s\u2019utilitza cap aparell per fer l\u2019estimulaci\u00f3 dels hemisferis cerebrals que produeixi dany f\u00edsic. L\u2019estimulaci\u00f3 es fa a trav\u00e9s del moviment ocular, o b\u00e9, amb uns tocs molt suaus a les mans. Per realitzar aquest tipus de tractament \u00e9s necessari que es facin les sessions de forma presencial.<\/p>\n","protected":false},"excerpt":{"rendered":"<p>La desensibilitzaci\u00f3 i reprocessament per movimients oculars\u00a0(EMDR) no fa cap mal, en absolut. En aquesta t\u00e8cnica terap\u00e8utica no s\u2019utilitza cap aparell per fer l\u2019estimulaci\u00f3 dels hemisferis cerebrals que produeixi dany f\u00edsic. L\u2019estimulaci\u00f3 es fa a trav\u00e9s del moviment ocular, o b\u00e9, amb uns tocs molt suaus a les mans. Per realitzar aquest tipus de tractament [&hellip;]<\/p>\n","protected":false},"author":1,"featured_media":0,"comment_status":"closed","ping_status":"closed","sticky":false,"template":"","format":"standard","meta":{"footnotes":""},"categories":[10],"tags":[],"class_list":["post-361","post","type-post","status-publish","format-standard","hentry","category-preguntes-frequents"],"_links":{"self":[{"href":"https:\/\/www.tupsicologobarcelona.com\/ca\/wp-json\/wp\/v2\/posts\/361","targetHints":{"allow":["GET"]}}],"collection":[{"href":"https:\/\/www.tupsicologobarcelona.com\/ca\/wp-json\/wp\/v2\/posts"}],"about":[{"href":"https:\/\/www.tupsicologobarcelona.com\/ca\/wp-json\/wp\/v2\/types\/post"}],"author":[{"embeddable":true,"href":"https:\/\/www.tupsicologobarcelona.com\/ca\/wp-json\/wp\/v2\/users\/1"}],"replies":[{"embeddable":true,"href":"https:\/\/www.tupsicologobarcelona.com\/ca\/wp-json\/wp\/v2\/comments?post=361"}],"version-history":[{"count":3,"href":"https:\/\/www.tupsicologobarcelona.com\/ca\/wp-json\/wp\/v2\/posts\/361\/revisions"}],"predecessor-version":[{"id":425,"href":"https:\/\/www.tupsicologobarcelona.com\/ca\/wp-json\/wp\/v2\/posts\/361\/revisions\/425"}],"wp:attachment":[{"href":"https:\/\/www.tupsicologobarcelona.com\/ca\/wp-json\/wp\/v2\/media?parent=361"}],"wp:term":[{"taxonomy":"category","embeddable":true,"href":"https:\/\/www.tupsicologobarcelona.com\/ca\/wp-json\/wp\/v2\/categories?post=361"},{"taxonomy":"post_tag","embeddable":true,"href":"https:\/\/www.tupsicologobarcelona.com\/ca\/wp-json\/wp\/v2\/tags?post=361"}],"curies":[{"name":"wp","href":"https:\/\/api.w.org\/{rel}","templated":true}]}}