{"id":456,"date":"2016-02-26T17:40:42","date_gmt":"2016-02-26T16:40:42","guid":{"rendered":"http:\/\/www.tupsicologobarcelona.com\/?p=456"},"modified":"2016-02-26T17:42:57","modified_gmt":"2016-02-26T16:42:57","slug":"com-tractar-malalt-alzheimer-agressiu","status":"publish","type":"post","link":"https:\/\/www.tupsicologobarcelona.com\/ca\/blog\/com-tractar-malalt-alzheimer-agressiu-456","title":{"rendered":"Com tractar un malalt d&#8217;Alzheimer agressiu"},"content":{"rendered":"<p>La malaltia d&#8217;<strong>Alzheimer<\/strong> \u00e9s encara una de les grans desconegudes dins de les malalties neurodegeneratives. La causa del perqu\u00e8 es produeix la malaltia no es coneix. Es creu que hi pot haver diferents causes i per aix\u00f2 hi ha m\u00faltiples formes de comportaments per part dels malalts. Hi ha algunes persones malaltes que s\u00f3n molt conscients, mentre que hi ha altres que s\u00f3n completament anosogn\u00f2siques al respecte. Les persones amb anosogn\u00f2sia no reconeixen que pateixen una malaltia perqu\u00e8 tenen una lesi\u00f3 que no els permet recon\u00e8ixer la seva situaci\u00f3 real.<\/p>\n<p>Aquests malalts diuen trobar-se perfectament, que no tenen problemes de mem\u00f2ria, sin\u00f3 que s\u00f3n els altres que diuen que estan malament. Els afectats d&#8217;Alzheimer que no s&#8217;adonen, generalment, solen ser m\u00e9s dif\u00edcils de tractar. Per\u00f2, d&#8217;altra banda, s\u00f3n m\u00e9s feli\u00e7os perqu\u00e8 &#8220;no els passa res&#8221;. El que sol passar \u00e9s que s\u00ed poden ser m\u00e9s agressius perqu\u00e8 els altres s\u00f3n els que veuen fantasmes en ell i \u00e9s llavors quan poden contestar i comportar-se de manera desafiant.<\/p>\n<h2>No li portem la contr\u00e0ria<\/h2>\n<p>Pot passar que el nostre familiar s&#8217;equivoqui en alguna cosa o no recordi alguna cosa que pr\u00e8viament se li ha dit i que, sense voler, puguem recriminar-li que ja se li ha explicat anteriorment. El que molt probablement acabi succeint \u00e9s que es posi nervi\u00f3s i comenci llavors una &#8220;batalla campal&#8221; en forma de discussi\u00f3. Posem-nos un moment en la seva pell. Ell no \u00e9s que no recordi una determinada informaci\u00f3. Per a ell mai no ha existit aquesta conversa. Per tant, \u00e9s &#8220;l\u00f2gic&#8221; que s\u2019acabi enfadant per alguna cosa que mai se li va dir. Pensem tamb\u00e9 en qu\u00e8 ens ajuda a recordar-li qu\u00e8 s&#8217;equivoca si al cap d&#8217;uns minuts tornar\u00e0 a oblidar aquesta conversa.<\/p>\n<h2>No seguim la discussi\u00f3<\/h2>\n<p>Si en algun moment es comen\u00e7a una discussi\u00f3, quina necessitat hi ha de mantenir-la? \u00c9s m\u00e9s \u00fatil que sortim de l&#8217;habitaci\u00f3 sense intentar fer-li raonar. Hem de recordar que quan est\u00e0 alterat no podem fer-lo raonar. Canviem d&#8217;habitaci\u00f3 i ens esperem uns minuts.<\/p>\n<h2>No ens fixem en els defectes, destaquem les coses ben fetes<\/h2>\n<p>\u00c9s important dir-li qu\u00e8 ha fet b\u00e9, ja que moltes coses no surten com a ell li agradaria. Per aix\u00f2, assegurem-nos d&#8217;elogiar tamb\u00e9 aquelles petites coses fetes correctament.<\/p>\n","protected":false},"excerpt":{"rendered":"<p>La malaltia d&#8217;Alzheimer \u00e9s encara una de les grans desconegudes dins de les malalties neurodegeneratives. La causa del perqu\u00e8 es produeix la malaltia no es coneix. Es creu que hi pot haver diferents causes i per aix\u00f2 hi ha m\u00faltiples formes de comportaments per part dels malalts. Hi ha algunes persones malaltes que s\u00f3n molt [&hellip;]<\/p>\n","protected":false},"author":1,"featured_media":447,"comment_status":"closed","ping_status":"closed","sticky":false,"template":"","format":"standard","meta":{"footnotes":""},"categories":[9],"tags":[],"class_list":["post-456","post","type-post","status-publish","format-standard","has-post-thumbnail","hentry","category-blog"],"_links":{"self":[{"href":"https:\/\/www.tupsicologobarcelona.com\/ca\/wp-json\/wp\/v2\/posts\/456","targetHints":{"allow":["GET"]}}],"collection":[{"href":"https:\/\/www.tupsicologobarcelona.com\/ca\/wp-json\/wp\/v2\/posts"}],"about":[{"href":"https:\/\/www.tupsicologobarcelona.com\/ca\/wp-json\/wp\/v2\/types\/post"}],"author":[{"embeddable":true,"href":"https:\/\/www.tupsicologobarcelona.com\/ca\/wp-json\/wp\/v2\/users\/1"}],"replies":[{"embeddable":true,"href":"https:\/\/www.tupsicologobarcelona.com\/ca\/wp-json\/wp\/v2\/comments?post=456"}],"version-history":[{"count":1,"href":"https:\/\/www.tupsicologobarcelona.com\/ca\/wp-json\/wp\/v2\/posts\/456\/revisions"}],"predecessor-version":[{"id":457,"href":"https:\/\/www.tupsicologobarcelona.com\/ca\/wp-json\/wp\/v2\/posts\/456\/revisions\/457"}],"wp:featuredmedia":[{"embeddable":true,"href":"https:\/\/www.tupsicologobarcelona.com\/ca\/wp-json\/wp\/v2\/media\/447"}],"wp:attachment":[{"href":"https:\/\/www.tupsicologobarcelona.com\/ca\/wp-json\/wp\/v2\/media?parent=456"}],"wp:term":[{"taxonomy":"category","embeddable":true,"href":"https:\/\/www.tupsicologobarcelona.com\/ca\/wp-json\/wp\/v2\/categories?post=456"},{"taxonomy":"post_tag","embeddable":true,"href":"https:\/\/www.tupsicologobarcelona.com\/ca\/wp-json\/wp\/v2\/tags?post=456"}],"curies":[{"name":"wp","href":"https:\/\/api.w.org\/{rel}","templated":true}]}}