{"id":462,"date":"2016-03-08T11:47:56","date_gmt":"2016-03-08T10:47:56","guid":{"rendered":"http:\/\/www.tupsicologobarcelona.com\/?p=462"},"modified":"2016-03-18T21:05:07","modified_gmt":"2016-03-18T20:05:07","slug":"com-actuar-en-cas-dictus","status":"publish","type":"post","link":"https:\/\/www.tupsicologobarcelona.com\/ca\/blog\/com-actuar-en-cas-dictus-462","title":{"rendered":"Com actuar en cas d&#8217;ictus"},"content":{"rendered":"<p>L\u2019<strong>ictus<\/strong> \u00e9s causat per un accident vascular i produeix l\u2019afectaci\u00f3 de m\u00faltiples funcions cognitives com s\u00f3n la parla, la <strong>mem\u00f2ria<\/strong>, l\u2019<strong>atenci\u00f3<\/strong> o les capacitats per organitzar i planificar. Al mateix temps, tamb\u00e9 pot produir una alteraci\u00f3 a nivell f\u00edsic, limitant la pr\u00f2pia autonomia de la persona afectada i que pot comprometre greument la qualitat de vida d\u2019aquestes persones. Els ictus es consideren la primera causa de mort en les dones i la tercera en els homes. Cada any a Catalunya, es registren m\u00e9s de 13.000 casos, 1.300 dels quals en persones m\u00e9s joves de 55 anys.<\/p>\n<p>Actualment comptem amb una molt bona assist\u00e8ncia m\u00e8dica que permet actuar r\u00e0pidament davant l\u2019aparici\u00f3 d\u2019aquest dany cerebral. No obstant, \u00e9s important que no nom\u00e9s els professionals sanitaris s\u00e0piguen com actuar sin\u00f3 que la poblaci\u00f3 tingui consci\u00e8ncia de quan pot compar\u00e8ixer un ictus.<\/p>\n<p>A continuaci\u00f3 et plantejo un truc que et pot ser \u00fatil. Si sospites que alg\u00fa t\u00e9 un ictus pensa en la paraula R\u00c0PID. Cada lletra et recordar\u00e0 que has de fer que la persona:<\/p>\n<ul>\n<li>Rigui: veur\u00e0s que tor\u00e7a la boca.<\/li>\n<li>Aixequi el bra\u00e7os: veur\u00e0s que un no el podr\u00e0 aixecar o que li costar\u00e0 fer-ho.<\/li>\n<li>Parli: veur\u00e0s que li costa i no l\u2019entendr\u00e0s b\u00e9.<\/li>\n<li>Ictus: si la persona presenta alguns dels s\u00edmptomes anteriors, podria estar patint un ictus, ja que aquest apareix de forma brusca.<\/li>\n<li>De pressa: sigues R\u00c0PID i, si t\u00e9 alguna d\u2019aquestes capacitats alterada, truca al 061 o al 112.<\/li>\n<\/ul>\n<p>Aquest 2016 <strong>La Marat\u00f3 de TV3<\/strong> estar\u00e0 dedicada a les lesions medul\u00b7lars, als traumatismes cranioencef\u00e0lics i tamb\u00e9 als ictus. Per tal de frenar l\u2019aparici\u00f3 d\u2019aquestes malalties cal seguir investigant. Per aquest motiu us animo a col\u00b7laborar amb aquest projecte solidari. Tots tenim una cita el dia 18 de desembre per frenar l&#8217;ictus.<\/p>\n","protected":false},"excerpt":{"rendered":"<p>L\u2019ictus \u00e9s causat per un accident vascular i produeix l\u2019afectaci\u00f3 de m\u00faltiples funcions cognitives com s\u00f3n la parla, la mem\u00f2ria, l\u2019atenci\u00f3 o les capacitats per organitzar i planificar. Al mateix temps, tamb\u00e9 pot produir una alteraci\u00f3 a nivell f\u00edsic, limitant la pr\u00f2pia autonomia de la persona afectada i que pot comprometre greument la qualitat de [&hellip;]<\/p>\n","protected":false},"author":1,"featured_media":461,"comment_status":"closed","ping_status":"closed","sticky":false,"template":"","format":"standard","meta":{"footnotes":""},"categories":[9],"tags":[],"class_list":["post-462","post","type-post","status-publish","format-standard","has-post-thumbnail","hentry","category-blog"],"_links":{"self":[{"href":"https:\/\/www.tupsicologobarcelona.com\/ca\/wp-json\/wp\/v2\/posts\/462","targetHints":{"allow":["GET"]}}],"collection":[{"href":"https:\/\/www.tupsicologobarcelona.com\/ca\/wp-json\/wp\/v2\/posts"}],"about":[{"href":"https:\/\/www.tupsicologobarcelona.com\/ca\/wp-json\/wp\/v2\/types\/post"}],"author":[{"embeddable":true,"href":"https:\/\/www.tupsicologobarcelona.com\/ca\/wp-json\/wp\/v2\/users\/1"}],"replies":[{"embeddable":true,"href":"https:\/\/www.tupsicologobarcelona.com\/ca\/wp-json\/wp\/v2\/comments?post=462"}],"version-history":[{"count":2,"href":"https:\/\/www.tupsicologobarcelona.com\/ca\/wp-json\/wp\/v2\/posts\/462\/revisions"}],"predecessor-version":[{"id":468,"href":"https:\/\/www.tupsicologobarcelona.com\/ca\/wp-json\/wp\/v2\/posts\/462\/revisions\/468"}],"wp:featuredmedia":[{"embeddable":true,"href":"https:\/\/www.tupsicologobarcelona.com\/ca\/wp-json\/wp\/v2\/media\/461"}],"wp:attachment":[{"href":"https:\/\/www.tupsicologobarcelona.com\/ca\/wp-json\/wp\/v2\/media?parent=462"}],"wp:term":[{"taxonomy":"category","embeddable":true,"href":"https:\/\/www.tupsicologobarcelona.com\/ca\/wp-json\/wp\/v2\/categories?post=462"},{"taxonomy":"post_tag","embeddable":true,"href":"https:\/\/www.tupsicologobarcelona.com\/ca\/wp-json\/wp\/v2\/tags?post=462"}],"curies":[{"name":"wp","href":"https:\/\/api.w.org\/{rel}","templated":true}]}}